{"id":4447,"date":"2021-12-29T16:03:28","date_gmt":"2021-12-29T15:03:28","guid":{"rendered":"https:\/\/lalley.fr\/?p=4447"},"modified":"2021-12-29T16:29:04","modified_gmt":"2021-12-29T15:29:04","slug":"fermeture-provisoire-du-secretariat-de-mairie","status":"publish","type":"post","link":"https:\/\/lalley.fr\/index.php\/2021\/12\/29\/fermeture-provisoire-du-secretariat-de-mairie\/","title":{"rendered":"Fermeture provisoire du secr\u00e9tariat de Mairie"},"content":{"rendered":"\t\t<div data-elementor-type=\"wp-post\" data-elementor-id=\"4447\" class=\"elementor elementor-4447\" data-elementor-settings=\"[]\">\n\t\t\t\t\t\t<div class=\"elementor-inner\">\n\t\t\t\t\t\t\t<div class=\"elementor-section-wrap\">\n\t\t\t\t\t\t\t<section class=\"elementor-section elementor-top-section elementor-element elementor-element-059c473 elementor-section-boxed elementor-section-height-default elementor-section-height-default\" data-id=\"059c473\" data-element_type=\"section\">\n\t\t\t\t\t\t<div class=\"elementor-container elementor-column-gap-default\">\n\t\t\t\t\t\t\t<div class=\"elementor-row\">\n\t\t\t\t\t<div class=\"elementor-column elementor-col-100 elementor-top-column elementor-element elementor-element-5b6b3e6\" data-id=\"5b6b3e6\" data-element_type=\"column\">\n\t\t\t<div class=\"elementor-column-wrap elementor-element-populated\">\n\t\t\t\t\t\t\t<div class=\"elementor-widget-wrap\">\n\t\t\t\t\t\t<div class=\"elementor-element elementor-element-cf91542 elementor-widget elementor-widget-text-editor\" data-id=\"cf91542\" data-element_type=\"widget\" data-widget_type=\"text-editor.default\">\n\t\t\t\t<div class=\"elementor-widget-container\">\n\t\t\t\t\t\t\t\t<div class=\"elementor-text-editor elementor-clearfix\">\n\t\t\t\t<p>En raison de la d\u00e9gradation de la situation sanitaire et en accord avec les recommandations gouvernementales, l&rsquo;accueil du public du mardi matin est provisoirement suspendu.<\/p><p>La prise de rendez-vous est possible par t\u00e9l\u00e9phone au 04 76 34 70 39, par m\u00e9l \u00e0 <a href=\"mailto:mairiedelalley@wanadoo.fr\">mairiedelalley@wanadoo.fr<\/a> ou directement par m\u00e9l au conseiller concern\u00e9 (coordonn\u00e9es disponibles sur le site internet de la commune \u00e0 l&rsquo;onglet \u00ab\u00a0Mairie\u00a0\u00bb, page \u00ab\u00a0L&rsquo; Equipe municipale\u00a0\u00bb).<\/p>\t\t\t\t\t<\/div>\n\t\t\t\t\t\t<\/div>\n\t\t\t\t<\/div>\n\t\t\t\t\t\t<\/div>\n\t\t\t\t\t<\/div>\n\t\t<\/div>\n\t\t\t\t\t\t\t\t<\/div>\n\t\t\t\t\t<\/div>\n\t\t<\/section>\n\t\t\t\t\t\t<\/div>\n\t\t\t\t\t\t<\/div>\n\t\t\t\t\t<\/div>\n\t\t","protected":false},"excerpt":{"rendered":"<p>En raison de la d\u00e9gradation de la situation sanitaire et en accord avec les recommandations gouvernementales, l&rsquo;accueil du public du mardi matin est provisoirement suspendu. La prise de rendez-vous est possible par t\u00e9l\u00e9phone au 04 76 34 70 39, par m\u00e9l \u00e0 mairiedelalley@wanadoo.fr ou directement par m\u00e9l au conseiller concern\u00e9 (coordonn\u00e9es disponibles sur le site [&hellip;]<\/p>\n","protected":false},"author":3,"featured_media":0,"comment_status":"open","ping_status":"open","sticky":false,"template":"","format":"standard","meta":[],"categories":[9],"tags":[],"_links":{"self":[{"href":"https:\/\/lalley.fr\/index.php\/wp-json\/wp\/v2\/posts\/4447"}],"collection":[{"href":"https:\/\/lalley.fr\/index.php\/wp-json\/wp\/v2\/posts"}],"about":[{"href":"https:\/\/lalley.fr\/index.php\/wp-json\/wp\/v2\/types\/post"}],"author":[{"embeddable":true,"href":"https:\/\/lalley.fr\/index.php\/wp-json\/wp\/v2\/users\/3"}],"replies":[{"embeddable":true,"href":"https:\/\/lalley.fr\/index.php\/wp-json\/wp\/v2\/comments?post=4447"}],"version-history":[{"count":8,"href":"https:\/\/lalley.fr\/index.php\/wp-json\/wp\/v2\/posts\/4447\/revisions"}],"predecessor-version":[{"id":4455,"href":"https:\/\/lalley.fr\/index.php\/wp-json\/wp\/v2\/posts\/4447\/revisions\/4455"}],"wp:attachment":[{"href":"https:\/\/lalley.fr\/index.php\/wp-json\/wp\/v2\/media?parent=4447"}],"wp:term":[{"taxonomy":"category","embeddable":true,"href":"https:\/\/lalley.fr\/index.php\/wp-json\/wp\/v2\/categories?post=4447"},{"taxonomy":"post_tag","embeddable":true,"href":"https:\/\/lalley.fr\/index.php\/wp-json\/wp\/v2\/tags?post=4447"}],"curies":[{"name":"wp","href":"https:\/\/api.w.org\/{rel}","templated":true}]}}