{"id":3303,"date":"2021-04-12T20:47:31","date_gmt":"2021-04-12T18:47:31","guid":{"rendered":"https:\/\/lalley.fr\/?p=3303"},"modified":"2021-04-12T20:48:03","modified_gmt":"2021-04-12T18:48:03","slug":"creneaux-disponibles-au-centre-de-vaccination-de-alpexpo-grenoble","status":"publish","type":"post","link":"https:\/\/lalley.fr\/index.php\/2021\/04\/12\/creneaux-disponibles-au-centre-de-vaccination-de-alpexpo-grenoble\/","title":{"rendered":"Cr\u00e9neaux disponibles au centre de vaccination de Alpexpo Grenoble"},"content":{"rendered":"\t\t<div data-elementor-type=\"wp-post\" data-elementor-id=\"3303\" class=\"elementor elementor-3303\" data-elementor-settings=\"[]\">\n\t\t\t\t\t\t<div class=\"elementor-inner\">\n\t\t\t\t\t\t\t<div class=\"elementor-section-wrap\">\n\t\t\t\t\t\t\t<section class=\"elementor-section elementor-top-section elementor-element elementor-element-ee8fa50 elementor-section-boxed elementor-section-height-default elementor-section-height-default\" data-id=\"ee8fa50\" data-element_type=\"section\">\n\t\t\t\t\t\t<div class=\"elementor-container elementor-column-gap-default\">\n\t\t\t\t\t\t\t<div class=\"elementor-row\">\n\t\t\t\t\t<div class=\"elementor-column elementor-col-100 elementor-top-column elementor-element elementor-element-ce9019b\" data-id=\"ce9019b\" data-element_type=\"column\">\n\t\t\t<div class=\"elementor-column-wrap elementor-element-populated\">\n\t\t\t\t\t\t\t<div class=\"elementor-widget-wrap\">\n\t\t\t\t\t\t<div class=\"elementor-element elementor-element-e7457f8 elementor-widget elementor-widget-text-editor\" data-id=\"e7457f8\" data-element_type=\"widget\" data-widget_type=\"text-editor.default\">\n\t\t\t\t<div class=\"elementor-widget-container\">\n\t\t\t\t\t\t\t\t<div class=\"elementor-text-editor elementor-clearfix\">\n\t\t\t\t<h2 style=\"text-align: center;\"><strong>Centre de vaccination\u00a0Alpexpo<\/strong><\/h2><p style=\"text-align: center;\"><u><strong>SUR RENDEZ-VOUS UNIQUEMENT<\/strong><\/u><\/p><p><img class=\"aligncenter\" src=\"https:\/\/www.chu-grenoble.fr\/sites\/default\/files\/public\/vaccinodrome_alpexpo2.jpg\" alt=\"\" \/><br \/>Vous avez plus de 70 ans ou \u00eates une personne \u00e0 risques (<strong><a href=\"https:\/\/solidarites-sante.gouv.fr\/IMG\/pdf\/liste_maladies_rares_cosv_fmr-2.pdf\" target=\"_blank\" rel=\"noopener\">voir les crit\u00e8res ici<\/a><\/strong>, ordonnance obligatoire) ? Vous pouvez prendre rendez-vous <strong><a href=\"https:\/\/www.keldoc.com\/cabinet-medical\/grenoble-38000\/vaccinodrome-grenoble\/vaccinodrome-grenoble?category=-1&amp;cabinet=18795&amp;specialty=144\">en ligne en cliquant ici<\/a><\/strong><\/p><p>Le centre de vaccination sur le site Alpexpo est ouvert\u00a0<strong>de 9 h \u00e0 19 h, 7j\/7 y compris les jours f\u00e9ri\u00e9s.<\/strong><\/p><p><strong>Acc\u00e8s au site :\u00a0<\/strong><br \/>L\u2019acc\u00e8s s\u2019effectue par la rue Henri Barbusse. Parking \u00e0 proximit\u00e9<br \/>Ligne de Tram A, Arr\u00eat P\u00f4le Sud<\/p><p>Le jour du rendez-vous, veillez bien \u00e0 vous munir de :<\/p><ul class=\"rteindent1\"><li>votre carte d\u2019identit\u00e9,<\/li><li>de votre carte vitale,<\/li><li>de votre ordonnance m\u00e9dicale (si vous avez une pathologie vous exposant \u00e0 tr\u00e8s haut risque)voir<\/li><\/ul>\t\t\t\t\t<\/div>\n\t\t\t\t\t\t<\/div>\n\t\t\t\t<\/div>\n\t\t\t\t\t\t<\/div>\n\t\t\t\t\t<\/div>\n\t\t<\/div>\n\t\t\t\t\t\t\t\t<\/div>\n\t\t\t\t\t<\/div>\n\t\t<\/section>\n\t\t\t\t\t\t<\/div>\n\t\t\t\t\t\t<\/div>\n\t\t\t\t\t<\/div>\n\t\t","protected":false},"excerpt":{"rendered":"<p>Centre de vaccination\u00a0Alpexpo SUR RENDEZ-VOUS UNIQUEMENT Vous avez plus de 70 ans ou \u00eates une personne \u00e0 risques (voir les crit\u00e8res ici, ordonnance obligatoire) ? Vous pouvez prendre rendez-vous en ligne en cliquant ici Le centre de vaccination sur le site Alpexpo est ouvert\u00a0de 9 h \u00e0 19 h, 7j\/7 y compris les jours f\u00e9ri\u00e9s. [&hellip;]<\/p>\n","protected":false},"author":3,"featured_media":0,"comment_status":"open","ping_status":"open","sticky":false,"template":"","format":"standard","meta":[],"categories":[9,1],"tags":[],"_links":{"self":[{"href":"https:\/\/lalley.fr\/index.php\/wp-json\/wp\/v2\/posts\/3303"}],"collection":[{"href":"https:\/\/lalley.fr\/index.php\/wp-json\/wp\/v2\/posts"}],"about":[{"href":"https:\/\/lalley.fr\/index.php\/wp-json\/wp\/v2\/types\/post"}],"author":[{"embeddable":true,"href":"https:\/\/lalley.fr\/index.php\/wp-json\/wp\/v2\/users\/3"}],"replies":[{"embeddable":true,"href":"https:\/\/lalley.fr\/index.php\/wp-json\/wp\/v2\/comments?post=3303"}],"version-history":[{"count":4,"href":"https:\/\/lalley.fr\/index.php\/wp-json\/wp\/v2\/posts\/3303\/revisions"}],"predecessor-version":[{"id":3307,"href":"https:\/\/lalley.fr\/index.php\/wp-json\/wp\/v2\/posts\/3303\/revisions\/3307"}],"wp:attachment":[{"href":"https:\/\/lalley.fr\/index.php\/wp-json\/wp\/v2\/media?parent=3303"}],"wp:term":[{"taxonomy":"category","embeddable":true,"href":"https:\/\/lalley.fr\/index.php\/wp-json\/wp\/v2\/categories?post=3303"},{"taxonomy":"post_tag","embeddable":true,"href":"https:\/\/lalley.fr\/index.php\/wp-json\/wp\/v2\/tags?post=3303"}],"curies":[{"name":"wp","href":"https:\/\/api.w.org\/{rel}","templated":true}]}}