{"id":1900,"date":"2020-09-01T20:46:48","date_gmt":"2020-09-01T18:46:48","guid":{"rendered":"https:\/\/lalley.fr\/?p=1900"},"modified":"2020-09-01T20:56:19","modified_gmt":"2020-09-01T18:56:19","slug":"presentation-de-la-preparation-militaire-marine-de-grenoble","status":"publish","type":"post","link":"https:\/\/lalley.fr\/index.php\/2020\/09\/01\/presentation-de-la-preparation-militaire-marine-de-grenoble\/","title":{"rendered":"Pr\u00e9sentation de la Pr\u00e9paration Militaire Marine de Grenoble"},"content":{"rendered":"\t\t<div data-elementor-type=\"wp-post\" data-elementor-id=\"1900\" class=\"elementor elementor-1900\" data-elementor-settings=\"[]\">\n\t\t\t\t\t\t<div class=\"elementor-inner\">\n\t\t\t\t\t\t\t<div class=\"elementor-section-wrap\">\n\t\t\t\t\t\t\t<section class=\"elementor-section elementor-top-section elementor-element elementor-element-020f317 elementor-section-boxed elementor-section-height-default elementor-section-height-default\" data-id=\"020f317\" data-element_type=\"section\">\n\t\t\t\t\t\t<div class=\"elementor-container elementor-column-gap-default\">\n\t\t\t\t\t\t\t<div class=\"elementor-row\">\n\t\t\t\t\t<div class=\"elementor-column elementor-col-100 elementor-top-column elementor-element elementor-element-f8b51c4\" data-id=\"f8b51c4\" data-element_type=\"column\">\n\t\t\t<div class=\"elementor-column-wrap elementor-element-populated\">\n\t\t\t\t\t\t\t<div class=\"elementor-widget-wrap\">\n\t\t\t\t\t\t<div class=\"elementor-element elementor-element-28a657a elementor-widget elementor-widget-text-editor\" data-id=\"28a657a\" data-element_type=\"widget\" data-widget_type=\"text-editor.default\">\n\t\t\t\t<div class=\"elementor-widget-container\">\n\t\t\t\t\t\t\t\t<div class=\"elementor-text-editor elementor-clearfix\">\n\t\t\t\t<div><div><p class=\"v1MsoNormal\">Mesdames et Messieurs,<\/p><\/div><div><p class=\"v1MsoNormal\">La Pr\u00e9paration Militaire Marine de Grenoble est en cours de recrutement pour son prochain cycle de formation qui d\u00e9butera le 10 octobre.<\/p><\/div><div><p class=\"v1MsoNormal\"><b>Une s\u00e9ance d&rsquo;information aura lieu le samedi 26 septembre \u00e0 11h00 \u00e0 la Maison de l&rsquo;Arm\u00e9e situ\u00e9e \u00e0 la Caserne de l&rsquo;Alma 10, rue Corn\u00e9lie G\u00e9mond proche de la Pr\u00e9fecture.<\/b><\/p><p class=\"v1MsoNormal\">Pour les communes qui se trouvent plus proche de VIENNE voici l&rsquo;adresse courriel de la Pr\u00e9paration Militaire Marine de Vienne pour tous renseignements: <span class=\"v1ydp47869dd25yl5\"><i><a href=\"mailto:pmmvienne@gmail.com\" rel=\"noreferrer\">pmmvienne@gmail.com<\/a><\/i><\/span><\/p><\/div><div><p class=\"v1MsoNormal\">Je reste \u00e0 votre disposition pour toutes questions.<\/p><p class=\"v1MsoNormal\">LV (r) Renaud PRAS<br \/><i>Chef du Centre PMM GRENOBLE<br \/><\/i><a href=\"mailto:pmm_grenoble@yahoo.fr\" rel=\"noreferrer\">pmm_grenoble@yahoo.fr<\/a><\/p><\/div><div><p class=\"v1MsoNormal\">06 75 14 74 90<\/p><\/div><\/div>\t\t\t\t\t<\/div>\n\t\t\t\t\t\t<\/div>\n\t\t\t\t<\/div>\n\t\t\t\t<div class=\"elementor-element elementor-element-11c2c60 elementor-widget-divider--view-line elementor-widget elementor-widget-divider\" data-id=\"11c2c60\" data-element_type=\"widget\" data-widget_type=\"divider.default\">\n\t\t\t\t<div class=\"elementor-widget-container\">\n\t\t\t\t\t<div class=\"elementor-divider\">\n\t\t\t<span class=\"elementor-divider-separator\">\n\t\t\t\t\t\t<\/span>\n\t\t<\/div>\n\t\t\t\t<\/div>\n\t\t\t\t<\/div>\n\t\t\t\t<div class=\"elementor-element elementor-element-4288dde elementor-widget elementor-widget-text-editor\" data-id=\"4288dde\" data-element_type=\"widget\" data-widget_type=\"text-editor.default\">\n\t\t\t\t<div class=\"elementor-widget-container\">\n\t\t\t\t\t\t\t\t<div class=\"elementor-text-editor elementor-clearfix\">\n\t\t\t\t<p><em>Cliquer sur l&rsquo;image pour t\u00e9l\u00e9charger le document au format PDF<\/em><\/p>\t\t\t\t\t<\/div>\n\t\t\t\t\t\t<\/div>\n\t\t\t\t<\/div>\n\t\t\t\t<div class=\"elementor-element elementor-element-fdb3b25 elementor-widget elementor-widget-image\" data-id=\"fdb3b25\" data-element_type=\"widget\" data-widget_type=\"image.default\">\n\t\t\t\t<div class=\"elementor-widget-container\">\n\t\t\t\t\t\t\t\t<div class=\"elementor-image\">\n\t\t\t\t\t\t\t\t\t\t\t\t\t<a href=\"http:\/\/lalley.fr\/wp-content\/uploads\/2020\/09\/2020.09_PMMG_1.pdf\" target=\"_blank\">\n\t\t\t\t\t\t\t<img width=\"725\" height=\"1024\" src=\"https:\/\/lalley.fr\/wp-content\/uploads\/2020\/09\/2020.09_PMMG_1-725x1024.jpg\" class=\"attachment-large size-large\" alt=\"\" loading=\"lazy\" srcset=\"https:\/\/lalley.fr\/wp-content\/uploads\/2020\/09\/2020.09_PMMG_1-725x1024.jpg 725w, https:\/\/lalley.fr\/wp-content\/uploads\/2020\/09\/2020.09_PMMG_1-212x300.jpg 212w, https:\/\/lalley.fr\/wp-content\/uploads\/2020\/09\/2020.09_PMMG_1.jpg 744w\" sizes=\"(max-width: 725px) 100vw, 725px\" \/>\t\t\t\t\t\t\t\t<\/a>\n\t\t\t\t\t\t\t\t\t\t\t\t\t\t<\/div>\n\t\t\t\t\t\t<\/div>\n\t\t\t\t<\/div>\n\t\t\t\t<div class=\"elementor-element elementor-element-d5d203c elementor-widget-divider--view-line elementor-widget elementor-widget-divider\" data-id=\"d5d203c\" data-element_type=\"widget\" data-widget_type=\"divider.default\">\n\t\t\t\t<div class=\"elementor-widget-container\">\n\t\t\t\t\t<div class=\"elementor-divider\">\n\t\t\t<span class=\"elementor-divider-separator\">\n\t\t\t\t\t\t<\/span>\n\t\t<\/div>\n\t\t\t\t<\/div>\n\t\t\t\t<\/div>\n\t\t\t\t<div class=\"elementor-element elementor-element-2c22fdf elementor-widget elementor-widget-image\" data-id=\"2c22fdf\" data-element_type=\"widget\" data-widget_type=\"image.default\">\n\t\t\t\t<div class=\"elementor-widget-container\">\n\t\t\t\t\t\t\t\t<div class=\"elementor-image\">\n\t\t\t\t\t\t\t\t\t\t\t\t\t<a href=\"http:\/\/lalley.fr\/wp-content\/uploads\/2020\/09\/2020.09_PMMG_2.pdf\" target=\"_blank\">\n\t\t\t\t\t\t\t<img width=\"722\" height=\"1024\" src=\"https:\/\/lalley.fr\/wp-content\/uploads\/2020\/09\/2020.09_PMMG_2-722x1024.jpg\" class=\"attachment-large size-large\" alt=\"\" loading=\"lazy\" srcset=\"https:\/\/lalley.fr\/wp-content\/uploads\/2020\/09\/2020.09_PMMG_2-722x1024.jpg 722w, https:\/\/lalley.fr\/wp-content\/uploads\/2020\/09\/2020.09_PMMG_2-212x300.jpg 212w, https:\/\/lalley.fr\/wp-content\/uploads\/2020\/09\/2020.09_PMMG_2.jpg 741w\" sizes=\"(max-width: 722px) 100vw, 722px\" \/>\t\t\t\t\t\t\t\t<\/a>\n\t\t\t\t\t\t\t\t\t\t\t\t\t\t<\/div>\n\t\t\t\t\t\t<\/div>\n\t\t\t\t<\/div>\n\t\t\t\t\t\t<\/div>\n\t\t\t\t\t<\/div>\n\t\t<\/div>\n\t\t\t\t\t\t\t\t<\/div>\n\t\t\t\t\t<\/div>\n\t\t<\/section>\n\t\t\t\t\t\t<\/div>\n\t\t\t\t\t\t<\/div>\n\t\t\t\t\t<\/div>\n\t\t","protected":false},"excerpt":{"rendered":"<p>Mesdames et Messieurs, La Pr\u00e9paration Militaire Marine de Grenoble est en cours de recrutement pour son prochain cycle de formation qui d\u00e9butera le 10 octobre. Une s\u00e9ance d&rsquo;information aura lieu le samedi 26 septembre \u00e0 11h00 \u00e0 la Maison de l&rsquo;Arm\u00e9e situ\u00e9e \u00e0 la Caserne de l&rsquo;Alma 10, rue Corn\u00e9lie G\u00e9mond proche de la Pr\u00e9fecture. [&hellip;]<\/p>\n","protected":false},"author":3,"featured_media":0,"comment_status":"open","ping_status":"open","sticky":false,"template":"","format":"standard","meta":[],"categories":[11],"tags":[],"_links":{"self":[{"href":"https:\/\/lalley.fr\/index.php\/wp-json\/wp\/v2\/posts\/1900"}],"collection":[{"href":"https:\/\/lalley.fr\/index.php\/wp-json\/wp\/v2\/posts"}],"about":[{"href":"https:\/\/lalley.fr\/index.php\/wp-json\/wp\/v2\/types\/post"}],"author":[{"embeddable":true,"href":"https:\/\/lalley.fr\/index.php\/wp-json\/wp\/v2\/users\/3"}],"replies":[{"embeddable":true,"href":"https:\/\/lalley.fr\/index.php\/wp-json\/wp\/v2\/comments?post=1900"}],"version-history":[{"count":4,"href":"https:\/\/lalley.fr\/index.php\/wp-json\/wp\/v2\/posts\/1900\/revisions"}],"predecessor-version":[{"id":1908,"href":"https:\/\/lalley.fr\/index.php\/wp-json\/wp\/v2\/posts\/1900\/revisions\/1908"}],"wp:attachment":[{"href":"https:\/\/lalley.fr\/index.php\/wp-json\/wp\/v2\/media?parent=1900"}],"wp:term":[{"taxonomy":"category","embeddable":true,"href":"https:\/\/lalley.fr\/index.php\/wp-json\/wp\/v2\/categories?post=1900"},{"taxonomy":"post_tag","embeddable":true,"href":"https:\/\/lalley.fr\/index.php\/wp-json\/wp\/v2\/tags?post=1900"}],"curies":[{"name":"wp","href":"https:\/\/api.w.org\/{rel}","templated":true}]}}