{"id":1892,"date":"2020-09-08T21:43:00","date_gmt":"2020-09-08T19:43:00","guid":{"rendered":"https:\/\/lalley.fr\/?p=1892"},"modified":"2020-09-08T22:12:07","modified_gmt":"2020-09-08T20:12:07","slug":"installation-de-deux-espaces-de-compostage-sur-la-commune","status":"publish","type":"post","link":"https:\/\/lalley.fr\/index.php\/2020\/09\/08\/installation-de-deux-espaces-de-compostage-sur-la-commune\/","title":{"rendered":"Installation de deux espaces de compostage sur la commune et formation au compostage samedi 3 octobre 2020 &#8211; changement d&rsquo;horaire"},"content":{"rendered":"\t\t<div data-elementor-type=\"wp-post\" data-elementor-id=\"1892\" class=\"elementor elementor-1892\" data-elementor-settings=\"[]\">\n\t\t\t\t\t\t<div class=\"elementor-inner\">\n\t\t\t\t\t\t\t<div class=\"elementor-section-wrap\">\n\t\t\t\t\t\t\t<section class=\"elementor-section elementor-top-section elementor-element elementor-element-9c2770c elementor-section-boxed elementor-section-height-default elementor-section-height-default\" data-id=\"9c2770c\" data-element_type=\"section\">\n\t\t\t\t\t\t<div class=\"elementor-container elementor-column-gap-default\">\n\t\t\t\t\t\t\t<div class=\"elementor-row\">\n\t\t\t\t\t<div class=\"elementor-column elementor-col-100 elementor-top-column elementor-element elementor-element-f448310\" data-id=\"f448310\" data-element_type=\"column\">\n\t\t\t<div class=\"elementor-column-wrap elementor-element-populated\">\n\t\t\t\t\t\t\t<div class=\"elementor-widget-wrap\">\n\t\t\t\t\t\t<div class=\"elementor-element elementor-element-e6943f1 elementor-widget elementor-widget-text-editor\" data-id=\"e6943f1\" data-element_type=\"widget\" data-widget_type=\"text-editor.default\">\n\t\t\t\t<div class=\"elementor-widget-container\">\n\t\t\t\t\t\t\t\t<div class=\"elementor-text-editor elementor-clearfix\">\n\t\t\t\t<p><span style=\"color: #000000;\">Deux espaces compostage vont \u00eatre install\u00e9s sur la commune. Le premier sur le parking \u00e0 Avers et le second \u00e0 c\u00f4t\u00e9 des poubelles chemin de combe mor\u00e9e \u00e0 Lalley.<\/span><br \/><span style=\"color: #000000;\">Une journ\u00e9e de formation anim\u00e9e par R\u00e9mi BOULONGNE, animateur compostage et tri s\u00e9lectif de la CCT, est pr\u00e9vue le samedi 3 octobre aux horaires suivants :<\/span><\/p><ul><li><span style=\"color: #000000;\">Avers : 15h Rdv sur le parking<\/span><\/li><li><span style=\"color: #000000;\">Lalley : 16h Rdv chemin de combe mor\u00e9e<\/span><\/li><\/ul>\t\t\t\t\t<\/div>\n\t\t\t\t\t\t<\/div>\n\t\t\t\t<\/div>\n\t\t\t\t<div class=\"elementor-element elementor-element-10d2560 elementor-widget elementor-widget-image\" data-id=\"10d2560\" data-element_type=\"widget\" data-widget_type=\"image.default\">\n\t\t\t\t<div class=\"elementor-widget-container\">\n\t\t\t\t\t\t\t\t<div class=\"elementor-image\">\n\t\t\t\t\t\t\t\t\t\t\t\t<img width=\"721\" height=\"981\" src=\"https:\/\/lalley.fr\/wp-content\/uploads\/2020\/09\/2020.09_Formation_Compostage_V2.jpg\" class=\"attachment-large size-large\" alt=\"\" loading=\"lazy\" srcset=\"https:\/\/lalley.fr\/wp-content\/uploads\/2020\/09\/2020.09_Formation_Compostage_V2.jpg 721w, https:\/\/lalley.fr\/wp-content\/uploads\/2020\/09\/2020.09_Formation_Compostage_V2-220x300.jpg 220w\" sizes=\"(max-width: 721px) 100vw, 721px\" \/>\t\t\t\t\t\t\t\t\t\t\t\t\t\t<\/div>\n\t\t\t\t\t\t<\/div>\n\t\t\t\t<\/div>\n\t\t\t\t\t\t<\/div>\n\t\t\t\t\t<\/div>\n\t\t<\/div>\n\t\t\t\t\t\t\t\t<\/div>\n\t\t\t\t\t<\/div>\n\t\t<\/section>\n\t\t\t\t\t\t<\/div>\n\t\t\t\t\t\t<\/div>\n\t\t\t\t\t<\/div>\n\t\t","protected":false},"excerpt":{"rendered":"<p>Deux espaces compostage vont \u00eatre install\u00e9s sur la commune. Le premier sur le parking \u00e0 Avers et le second \u00e0 c\u00f4t\u00e9 des poubelles chemin de combe mor\u00e9e \u00e0 Lalley.Une journ\u00e9e de formation anim\u00e9e par R\u00e9mi BOULONGNE, animateur compostage et tri s\u00e9lectif de la CCT, est pr\u00e9vue le samedi 3 octobre aux horaires suivants : Avers [&hellip;]<\/p>\n","protected":false},"author":3,"featured_media":0,"comment_status":"open","ping_status":"open","sticky":false,"template":"","format":"standard","meta":[],"categories":[9],"tags":[],"_links":{"self":[{"href":"https:\/\/lalley.fr\/index.php\/wp-json\/wp\/v2\/posts\/1892"}],"collection":[{"href":"https:\/\/lalley.fr\/index.php\/wp-json\/wp\/v2\/posts"}],"about":[{"href":"https:\/\/lalley.fr\/index.php\/wp-json\/wp\/v2\/types\/post"}],"author":[{"embeddable":true,"href":"https:\/\/lalley.fr\/index.php\/wp-json\/wp\/v2\/users\/3"}],"replies":[{"embeddable":true,"href":"https:\/\/lalley.fr\/index.php\/wp-json\/wp\/v2\/comments?post=1892"}],"version-history":[{"count":6,"href":"https:\/\/lalley.fr\/index.php\/wp-json\/wp\/v2\/posts\/1892\/revisions"}],"predecessor-version":[{"id":1966,"href":"https:\/\/lalley.fr\/index.php\/wp-json\/wp\/v2\/posts\/1892\/revisions\/1966"}],"wp:attachment":[{"href":"https:\/\/lalley.fr\/index.php\/wp-json\/wp\/v2\/media?parent=1892"}],"wp:term":[{"taxonomy":"category","embeddable":true,"href":"https:\/\/lalley.fr\/index.php\/wp-json\/wp\/v2\/categories?post=1892"},{"taxonomy":"post_tag","embeddable":true,"href":"https:\/\/lalley.fr\/index.php\/wp-json\/wp\/v2\/tags?post=1892"}],"curies":[{"name":"wp","href":"https:\/\/api.w.org\/{rel}","templated":true}]}}