{"id":1480,"date":"2020-07-31T08:17:59","date_gmt":"2020-07-31T06:17:59","guid":{"rendered":"http:\/\/lalley.fr\/?p=1480"},"modified":"2020-09-12T15:40:53","modified_gmt":"2020-09-12T13:40:53","slug":"espace-giono-invitation-au-vernissage-et-lectures-pour-lexposition-de-edith-berger","status":"publish","type":"post","link":"https:\/\/lalley.fr\/index.php\/2020\/07\/31\/espace-giono-invitation-au-vernissage-et-lectures-pour-lexposition-de-edith-berger\/","title":{"rendered":"Espace Giono : invitation au vernissage et lectures pour l&rsquo;exposition de Edith Berger"},"content":{"rendered":"\t\t<div data-elementor-type=\"wp-post\" data-elementor-id=\"1480\" class=\"elementor elementor-1480\" data-elementor-settings=\"[]\">\n\t\t\t\t\t\t<div class=\"elementor-inner\">\n\t\t\t\t\t\t\t<div class=\"elementor-section-wrap\">\n\t\t\t\t\t\t\t<section class=\"elementor-section elementor-top-section elementor-element elementor-element-797b939 elementor-section-boxed elementor-section-height-default elementor-section-height-default\" data-id=\"797b939\" data-element_type=\"section\">\n\t\t\t\t\t\t<div class=\"elementor-container elementor-column-gap-default\">\n\t\t\t\t\t\t\t<div class=\"elementor-row\">\n\t\t\t\t\t<div class=\"elementor-column elementor-col-100 elementor-top-column elementor-element elementor-element-7ba964d\" data-id=\"7ba964d\" data-element_type=\"column\">\n\t\t\t<div class=\"elementor-column-wrap elementor-element-populated\">\n\t\t\t\t\t\t\t<div class=\"elementor-widget-wrap\">\n\t\t\t\t\t\t<div class=\"elementor-element elementor-element-a782db4 elementor-widget elementor-widget-text-editor\" data-id=\"a782db4\" data-element_type=\"widget\" data-widget_type=\"text-editor.default\">\n\t\t\t\t<div class=\"elementor-widget-container\">\n\t\t\t\t\t\t\t\t<div class=\"elementor-text-editor elementor-clearfix\">\n\t\t\t\t<p><span style=\"color: #000000;\">L&rsquo;espace Giono et ses b\u00e9n\u00e9voles sont heureux de vous inviter dans le cadre du vernissage de l&rsquo;exposition d\u00a0\u00bb\u0153uvres in\u00e9dites de Edith Berger aux lectures de textes et d&rsquo;\u00e9crits de Edith Berger et Jean Giono par Fr\u00e9d\u00e9rika Smetana de Golem Th\u00e9\u00e2tre et la participation de R\u00e9mi Beignier, notre permanent \u00e0 l\u2019Espace Giono pour l&rsquo;\u00e9t\u00e9 2020<\/span><\/p><p><span style=\"color: #000000;\">Ces lectures auront lieu Rue Hannibal devant l\u2019Espace Giono le jeudi 6 ao\u00fbt 2020 \u00e0 17h<\/span><\/p>\t\t\t\t\t<\/div>\n\t\t\t\t\t\t<\/div>\n\t\t\t\t<\/div>\n\t\t\t\t<div class=\"elementor-element elementor-element-1716f96 elementor-widget elementor-widget-image\" data-id=\"1716f96\" data-element_type=\"widget\" data-widget_type=\"image.default\">\n\t\t\t\t<div class=\"elementor-widget-container\">\n\t\t\t\t\t\t\t\t<div class=\"elementor-image\">\n\t\t\t\t\t\t\t\t\t\t\t\t<img width=\"719\" height=\"1009\" src=\"https:\/\/lalley.fr\/wp-content\/uploads\/2020\/07\/affiche-vernissage-Edith-Berger.jpg\" class=\"attachment-large size-large\" alt=\"\" loading=\"lazy\" srcset=\"https:\/\/lalley.fr\/wp-content\/uploads\/2020\/07\/affiche-vernissage-Edith-Berger.jpg 719w, https:\/\/lalley.fr\/wp-content\/uploads\/2020\/07\/affiche-vernissage-Edith-Berger-214x300.jpg 214w\" sizes=\"(max-width: 719px) 100vw, 719px\" \/>\t\t\t\t\t\t\t\t\t\t\t\t\t\t<\/div>\n\t\t\t\t\t\t<\/div>\n\t\t\t\t<\/div>\n\t\t\t\t\t\t<\/div>\n\t\t\t\t\t<\/div>\n\t\t<\/div>\n\t\t\t\t\t\t\t\t<\/div>\n\t\t\t\t\t<\/div>\n\t\t<\/section>\n\t\t\t\t\t\t<\/div>\n\t\t\t\t\t\t<\/div>\n\t\t\t\t\t<\/div>\n\t\t","protected":false},"excerpt":{"rendered":"<p>L&rsquo;espace Giono et ses b\u00e9n\u00e9voles sont heureux de vous inviter dans le cadre du vernissage de l&rsquo;exposition d\u00a0\u00bb\u0153uvres in\u00e9dites de Edith Berger aux lectures de textes et d&rsquo;\u00e9crits de Edith Berger et Jean Giono par Fr\u00e9d\u00e9rika Smetana de Golem Th\u00e9\u00e2tre et la participation de R\u00e9mi Beignier, notre permanent \u00e0 l\u2019Espace Giono pour l&rsquo;\u00e9t\u00e9 2020 Ces [&hellip;]<\/p>\n","protected":false},"author":3,"featured_media":0,"comment_status":"open","ping_status":"open","sticky":false,"template":"","format":"standard","meta":[],"categories":[4],"tags":[],"_links":{"self":[{"href":"https:\/\/lalley.fr\/index.php\/wp-json\/wp\/v2\/posts\/1480"}],"collection":[{"href":"https:\/\/lalley.fr\/index.php\/wp-json\/wp\/v2\/posts"}],"about":[{"href":"https:\/\/lalley.fr\/index.php\/wp-json\/wp\/v2\/types\/post"}],"author":[{"embeddable":true,"href":"https:\/\/lalley.fr\/index.php\/wp-json\/wp\/v2\/users\/3"}],"replies":[{"embeddable":true,"href":"https:\/\/lalley.fr\/index.php\/wp-json\/wp\/v2\/comments?post=1480"}],"version-history":[{"count":5,"href":"https:\/\/lalley.fr\/index.php\/wp-json\/wp\/v2\/posts\/1480\/revisions"}],"predecessor-version":[{"id":2008,"href":"https:\/\/lalley.fr\/index.php\/wp-json\/wp\/v2\/posts\/1480\/revisions\/2008"}],"wp:attachment":[{"href":"https:\/\/lalley.fr\/index.php\/wp-json\/wp\/v2\/media?parent=1480"}],"wp:term":[{"taxonomy":"category","embeddable":true,"href":"https:\/\/lalley.fr\/index.php\/wp-json\/wp\/v2\/categories?post=1480"},{"taxonomy":"post_tag","embeddable":true,"href":"https:\/\/lalley.fr\/index.php\/wp-json\/wp\/v2\/tags?post=1480"}],"curies":[{"name":"wp","href":"https:\/\/api.w.org\/{rel}","templated":true}]}}