{"id":1424,"date":"2020-07-05T21:43:28","date_gmt":"2020-07-05T19:43:28","guid":{"rendered":"http:\/\/lalley.fr\/?p=1424"},"modified":"2020-07-07T14:20:48","modified_gmt":"2020-07-07T12:20:48","slug":"5-juillet-2020-ceremonie-a-la-memoire-des-martyrs-de-la-guerre-1939-1945","status":"publish","type":"post","link":"https:\/\/lalley.fr\/index.php\/2020\/07\/05\/5-juillet-2020-ceremonie-a-la-memoire-des-martyrs-de-la-guerre-1939-1945\/","title":{"rendered":"C\u00e9r\u00e9monies en m\u00e9moire des martyrs de la guerre 1939-1945"},"content":{"rendered":"\t\t<div data-elementor-type=\"wp-post\" data-elementor-id=\"1424\" class=\"elementor elementor-1424\" data-elementor-settings=\"[]\">\n\t\t\t\t\t\t<div class=\"elementor-inner\">\n\t\t\t\t\t\t\t<div class=\"elementor-section-wrap\">\n\t\t\t\t\t\t\t<section class=\"elementor-section elementor-top-section elementor-element elementor-element-9ca7508 elementor-section-boxed elementor-section-height-default elementor-section-height-default\" data-id=\"9ca7508\" data-element_type=\"section\">\n\t\t\t\t\t\t<div class=\"elementor-container elementor-column-gap-default\">\n\t\t\t\t\t\t\t<div class=\"elementor-row\">\n\t\t\t\t\t<div class=\"elementor-column elementor-col-100 elementor-top-column elementor-element elementor-element-3581c085\" data-id=\"3581c085\" data-element_type=\"column\">\n\t\t\t<div class=\"elementor-column-wrap elementor-element-populated\">\n\t\t\t\t\t\t\t<div class=\"elementor-widget-wrap\">\n\t\t\t\t\t\t<div class=\"elementor-element elementor-element-d8e3512 elementor-widget elementor-widget-text-editor\" data-id=\"d8e3512\" data-element_type=\"widget\" data-widget_type=\"text-editor.default\">\n\t\t\t\t<div class=\"elementor-widget-container\">\n\t\t\t\t\t\t\t\t<div class=\"elementor-text-editor elementor-clearfix\">\n\t\t\t\t<p>Dimanche 5 juillet 2020 ont eu lieu les c\u00e9r\u00e9monies en m\u00e9moire des martyrs de la guerre 1939-1945, en pr\u00e9sence de Mme Fr\u00e9d\u00e9rique PUISSAT (s\u00e9natrice de l&rsquo;Is\u00e8re), Mr Guillaume GONTARD (s\u00e9nateur de l&rsquo;Is\u00e8re), Mr Patrick MARTINELLO (maire de St Maurice en Tri\u00e8ves), Mme Jacqueline BONATO (1\u00e8re adjointe de Chichilianne), Mr Jean-Pierre AGRESTI (1er adjoint de Ch\u00e2tel-en-Tri\u00e8ves).<\/p><p>La commune de Lalley \u00e9tait repr\u00e9sent\u00e9e par Mme Marie-Pierre DRAIN et plusieurs membres du conseil municipal.<\/p><p>Deux c\u00e9r\u00e9monies ont eu lieu :\u00a0<\/p><p style=\"padding-left: 40px;\">\u00e0 Saint Maurice en Tri\u00e8ves en m\u00e9moire d&rsquo;Andr\u00e9 DAGAND, Raymond GIROUD et Robert ADAGE<\/p><p style=\"padding-left: 40px;\">\u00e0 Lalley en m\u00e9moire de Jean GAYVALLET et Louis PICARD<\/p><p>Ces c\u00e9r\u00e9monies ont \u00e9t\u00e9 suivies d&rsquo;un ap\u00e9ritif \u00e0 la Mairie de Lalley.<\/p><p>Les photos sont <a href=\"https:\/\/lalley.fr\/index.php\/evenements-2020#Evt-2020-07-05\">ici<\/a><\/p>\t\t\t\t\t<\/div>\n\t\t\t\t\t\t<\/div>\n\t\t\t\t<\/div>\n\t\t\t\t\t\t<\/div>\n\t\t\t\t\t<\/div>\n\t\t<\/div>\n\t\t\t\t\t\t\t\t<\/div>\n\t\t\t\t\t<\/div>\n\t\t<\/section>\n\t\t\t\t\t\t<\/div>\n\t\t\t\t\t\t<\/div>\n\t\t\t\t\t<\/div>\n\t\t","protected":false},"excerpt":{"rendered":"<p>Dimanche 5 juillet 2020 ont eu lieu les c\u00e9r\u00e9monies en m\u00e9moire des martyrs de la guerre 1939-1945, en pr\u00e9sence de Mme Fr\u00e9d\u00e9rique PUISSAT (s\u00e9natrice de l&rsquo;Is\u00e8re), Mr Guillaume GONTARD (s\u00e9nateur de l&rsquo;Is\u00e8re), Mr Patrick MARTINELLO (maire de St Maurice en Tri\u00e8ves), Mme Jacqueline BONATO (1\u00e8re adjointe de Chichilianne), Mr Jean-Pierre AGRESTI (1er adjoint de Ch\u00e2tel-en-Tri\u00e8ves). [&hellip;]<\/p>\n","protected":false},"author":3,"featured_media":0,"comment_status":"open","ping_status":"open","sticky":false,"template":"","format":"standard","meta":[],"categories":[6],"tags":[],"_links":{"self":[{"href":"https:\/\/lalley.fr\/index.php\/wp-json\/wp\/v2\/posts\/1424"}],"collection":[{"href":"https:\/\/lalley.fr\/index.php\/wp-json\/wp\/v2\/posts"}],"about":[{"href":"https:\/\/lalley.fr\/index.php\/wp-json\/wp\/v2\/types\/post"}],"author":[{"embeddable":true,"href":"https:\/\/lalley.fr\/index.php\/wp-json\/wp\/v2\/users\/3"}],"replies":[{"embeddable":true,"href":"https:\/\/lalley.fr\/index.php\/wp-json\/wp\/v2\/comments?post=1424"}],"version-history":[{"count":14,"href":"https:\/\/lalley.fr\/index.php\/wp-json\/wp\/v2\/posts\/1424\/revisions"}],"predecessor-version":[{"id":1448,"href":"https:\/\/lalley.fr\/index.php\/wp-json\/wp\/v2\/posts\/1424\/revisions\/1448"}],"wp:attachment":[{"href":"https:\/\/lalley.fr\/index.php\/wp-json\/wp\/v2\/media?parent=1424"}],"wp:term":[{"taxonomy":"category","embeddable":true,"href":"https:\/\/lalley.fr\/index.php\/wp-json\/wp\/v2\/categories?post=1424"},{"taxonomy":"post_tag","embeddable":true,"href":"https:\/\/lalley.fr\/index.php\/wp-json\/wp\/v2\/tags?post=1424"}],"curies":[{"name":"wp","href":"https:\/\/api.w.org\/{rel}","templated":true}]}}